{"id":7937,"date":"2017-09-19T09:34:53","date_gmt":"2017-09-19T09:34:53","guid":{"rendered":"https:\/\/www.hopp-la.ch\/journee-detude-place-du-marche-2017\/"},"modified":"2017-09-19T09:34:53","modified_gmt":"2017-09-19T09:34:53","slug":"journee-detude-place-du-marche-2017","status":"publish","type":"post","link":"https:\/\/www.hopp-la.ch\/fr\/journee-detude-place-du-marche-2017\/","title":{"rendered":"Journ\u00e9e d&#8217;\u00e9tude Place du march\u00e9 2017"},"content":{"rendered":"<p><img loading=\"lazy\" decoding=\"async\" class=\"size-full wp-image-1213 alignleft\" src=\"http:\/\/www.hopp-la.ch\/wp-content\/uploads\/2017\/09\/Generationen_akademie_logo.png\" alt=\"\" width=\"235\" height=\"181\">Le 8 septembre 2017, nous organisons, en collaboration avec l&#8217;<i>Acad\u00e9mie des g\u00e9n\u00e9rations<\/i> du <i>Pour-cent culturel Migros<\/i>, la journ\u00e9e d&#8217;\u00e9tude Marktplatz 2017 sur le th\u00e8me &#8220;G\u00e9n\u00e9rations et mouvement&#8221;. La place de march\u00e9 2017 offre un grand espace d&#8217;\u00e9change et de mise en r\u00e9seau. Plus d&#8217;informations sur le <a href=\"http:\/\/generationenakademie.ch\/de\/Angebot\/Marktplatz\" target=\"_self\" rel=\"noopener\">march\u00e9 2017<\/a><\/p>\n","protected":false},"excerpt":{"rendered":"<p>Le 8 septembre 2017, nous organisons, en collaboration avec l&#8217;Acad\u00e9mie des g\u00e9n\u00e9rations du Pour-cent culturel Migros, la journ\u00e9e d&#8217;\u00e9tude Marktplatz 2017 sur le th\u00e8me &#8220;G\u00e9n\u00e9rations et mouvement&#8221;. La place de march\u00e9 2017 offre un grand espace d&#8217;\u00e9change et de mise en r\u00e9seau. Plus d&#8217;informations sur le march\u00e9 2017<\/p>\n","protected":false},"author":1,"featured_media":7120,"comment_status":"closed","ping_status":"open","sticky":false,"template":"","format":"standard","meta":{"_monsterinsights_skip_tracking":false,"_monsterinsights_sitenote_active":false,"_monsterinsights_sitenote_note":"","_monsterinsights_sitenote_category":0,"footnotes":""},"categories":[63,50],"tags":[],"class_list":["post-7937","post","type-post","status-publish","format-standard","has-post-thumbnail","hentry","category-actualites","category-non-classifiee","category-63","category-50","description-off"],"_links":{"self":[{"href":"https:\/\/www.hopp-la.ch\/fr\/wp-json\/wp\/v2\/posts\/7937","targetHints":{"allow":["GET"]}}],"collection":[{"href":"https:\/\/www.hopp-la.ch\/fr\/wp-json\/wp\/v2\/posts"}],"about":[{"href":"https:\/\/www.hopp-la.ch\/fr\/wp-json\/wp\/v2\/types\/post"}],"author":[{"embeddable":true,"href":"https:\/\/www.hopp-la.ch\/fr\/wp-json\/wp\/v2\/users\/1"}],"replies":[{"embeddable":true,"href":"https:\/\/www.hopp-la.ch\/fr\/wp-json\/wp\/v2\/comments?post=7937"}],"version-history":[{"count":0,"href":"https:\/\/www.hopp-la.ch\/fr\/wp-json\/wp\/v2\/posts\/7937\/revisions"}],"wp:featuredmedia":[{"embeddable":true,"href":"https:\/\/www.hopp-la.ch\/fr\/wp-json\/wp\/v2\/media\/7120"}],"wp:attachment":[{"href":"https:\/\/www.hopp-la.ch\/fr\/wp-json\/wp\/v2\/media?parent=7937"}],"wp:term":[{"taxonomy":"category","embeddable":true,"href":"https:\/\/www.hopp-la.ch\/fr\/wp-json\/wp\/v2\/categories?post=7937"},{"taxonomy":"post_tag","embeddable":true,"href":"https:\/\/www.hopp-la.ch\/fr\/wp-json\/wp\/v2\/tags?post=7937"}],"curies":[{"name":"wp","href":"https:\/\/api.w.org\/{rel}","templated":true}]}}