{"id":8118,"date":"2018-10-12T09:36:38","date_gmt":"2018-10-12T09:36:38","guid":{"rendered":"https:\/\/www.hopp-la.ch\/premier-week-end-de-formation-reussi-pour-les-animateurs-de-cours-hopp-la-fit\/"},"modified":"2023-06-05T10:30:22","modified_gmt":"2023-06-05T10:30:22","slug":"premier-week-end-de-formation-reussi-pour-les-animateurs-de-cours-hopp-la-fit","status":"publish","type":"post","link":"https:\/\/www.hopp-la.ch\/fr\/premier-week-end-de-formation-reussi-pour-les-animateurs-de-cours-hopp-la-fit\/","title":{"rendered":"Premier week-end de formation r\u00e9ussi pour les animateurs de cours Hopp-la Fit"},"content":{"rendered":"<div class=\"wpb-content-wrapper\"><p>[vc_row][vc_column][vc_column_text]Une \u00e9tape \u00e9norme a \u00e9t\u00e9 franchie ! Les 29 et 30 septembre, nous avons pu former les premiers moniteurs de cours Hopp-la Fit en coop\u00e9ration avec la F\u00e9d\u00e9ration suisse de gymnastique et Pro Senectute Suisse. Un grand merci \u00e0 tous les participants pour ce super week-end de formation !<\/p>\n<p>Int\u00e9ress\u00e9(e) \u00e0 participer \u00e0 la prochaine formation ?[\/vc_column_text]<span id=\"creative-link-wrap-3814\" class=\"ult_main_cl ult-adjust-bottom-margin  \" >\n\t \t\t\t<span class=\"  ult_crlink\" >\n\t\t\t\t\t<a  data-ultimate-target='#creative-link-wrap-3814 .ult_colorlink'  data-responsive-json-new='{\"font-size\":\"\",\"line-height\":\"\"}'  href=\"http:\/\/www.hopp-la.ch\/kursleiter-und-experten\/\"  class=\"ult_colorlink ult-responsive \" style=\"float:left;font-family:Montserrat;font-weight:700; \"  data-textcolor=\"#95c11f\" data-texthover=\"#333333\"data-style=\"\">\n\t\t\t\t\t\t\n\t\t\t\t\t\t<span data-hover=\"Plus d&#039;infos sur la formation de moniteur de cours\" style=\"color:#95c11f;;;\" class=\"ult_btn10_span   \">Plus d'infos sur la formation de moniteur de cours<\/span>\n\t\t\t\t\t\t\n\t\t\t\t\t<\/a>\n\t\t\t\t<\/span>\n\t\t\t<\/span>[\/vc_column][\/vc_row]<\/p>\n<\/div>","protected":false},"excerpt":{"rendered":"<p>[vc_row][vc_column][vc_column_text]Une \u00e9tape \u00e9norme a \u00e9t\u00e9 franchie ! Les 29 et 30 septembre, nous avons pu former les premiers moniteurs de cours Hopp-la Fit en coop\u00e9ration avec la F\u00e9d\u00e9ration suisse de gymnastique et Pro Senectute Suisse. Un grand merci \u00e0 tous les participants pour ce super week-end de formation ! Int\u00e9ress\u00e9(e) \u00e0 participer \u00e0 la prochaine&hellip;<\/p>\n","protected":false},"author":2,"featured_media":7315,"comment_status":"closed","ping_status":"open","sticky":false,"template":"","format":"standard","meta":{"_monsterinsights_skip_tracking":false,"_monsterinsights_sitenote_active":false,"_monsterinsights_sitenote_note":"","_monsterinsights_sitenote_category":0,"footnotes":""},"categories":[63,50],"tags":[],"class_list":["post-8118","post","type-post","status-publish","format-standard","has-post-thumbnail","hentry","category-actualites","category-non-classifiee","category-63","category-50","description-off"],"_links":{"self":[{"href":"https:\/\/www.hopp-la.ch\/fr\/wp-json\/wp\/v2\/posts\/8118","targetHints":{"allow":["GET"]}}],"collection":[{"href":"https:\/\/www.hopp-la.ch\/fr\/wp-json\/wp\/v2\/posts"}],"about":[{"href":"https:\/\/www.hopp-la.ch\/fr\/wp-json\/wp\/v2\/types\/post"}],"author":[{"embeddable":true,"href":"https:\/\/www.hopp-la.ch\/fr\/wp-json\/wp\/v2\/users\/2"}],"replies":[{"embeddable":true,"href":"https:\/\/www.hopp-la.ch\/fr\/wp-json\/wp\/v2\/comments?post=8118"}],"version-history":[{"count":1,"href":"https:\/\/www.hopp-la.ch\/fr\/wp-json\/wp\/v2\/posts\/8118\/revisions"}],"predecessor-version":[{"id":8133,"href":"https:\/\/www.hopp-la.ch\/fr\/wp-json\/wp\/v2\/posts\/8118\/revisions\/8133"}],"wp:featuredmedia":[{"embeddable":true,"href":"https:\/\/www.hopp-la.ch\/fr\/wp-json\/wp\/v2\/media\/7315"}],"wp:attachment":[{"href":"https:\/\/www.hopp-la.ch\/fr\/wp-json\/wp\/v2\/media?parent=8118"}],"wp:term":[{"taxonomy":"category","embeddable":true,"href":"https:\/\/www.hopp-la.ch\/fr\/wp-json\/wp\/v2\/categories?post=8118"},{"taxonomy":"post_tag","embeddable":true,"href":"https:\/\/www.hopp-la.ch\/fr\/wp-json\/wp\/v2\/tags?post=8118"}],"curies":[{"name":"wp","href":"https:\/\/api.w.org\/{rel}","templated":true}]}}