{"id":8134,"date":"2018-03-08T16:20:19","date_gmt":"2018-03-08T16:20:19","guid":{"rendered":"https:\/\/www.hopp-la.ch\/evaluation-du-projet-pilote-de-bale\/"},"modified":"2023-06-05T10:30:23","modified_gmt":"2023-06-05T10:30:23","slug":"evaluation-du-projet-pilote-de-bale","status":"publish","type":"post","link":"https:\/\/www.hopp-la.ch\/fr\/evaluation-du-projet-pilote-de-bale\/","title":{"rendered":"\u00c9valuation du projet pilote de B\u00e2le"},"content":{"rendered":"<div class=\"wpb-content-wrapper\"><p>[vc_row css=&#8221;.vc_custom_1521630412501{padding-top: 50px !important;padding-bottom: 25px !important;}&#8221;][vc_column]<div id=\"ultimate-heading-236869f586c50714a\" class=\"uvc-heading ult-adjust-bottom-margin ultimate-heading-236869f586c50714a uvc-115 accent-border-color\" data-hspacer=\"line_only\"  data-halign=\"left\" style=\"text-align:left\"><div class=\"uvc-main-heading ult-responsive\"  data-ultimate-target='.uvc-heading.ultimate-heading-236869f586c50714a h2'  data-responsive-json-new='{\"font-size\":\"desktop:26px;\",\"line-height\":\"desktop:36px;\"}' ><h2 style=\"font-weight:bold;\">\u00c9valuation du projet pilote de B\u00e2le<\/h2><\/div><div class=\"uvc-heading-spacer line_only\" style=\"margin-top:15px;margin-bottom:50px;height:4px;\"><span class=\"uvc-headings-line\" style=\"border-style:solid;border-bottom-width:4px;border-color:;width:50px;\"><\/span><\/div><\/div>[vc_row_inner][vc_column_inner width=&#8221;2\/3&#8243;][vc_column_text]Les modes d&#8217;action et les effets des projets d&#8217;activit\u00e9 physique interg\u00e9n\u00e9rationnelle sur le bien-\u00eatre psychique et physique n&#8217;ont pas encore \u00e9t\u00e9 \u00e9tudi\u00e9s. C&#8217;est pourquoi la fondation Hopp-la proc\u00e8de \u00e0 une \u00e9valuation de ses services depuis leur mise en place. Les \u00e9valuations formatives servent \u00e0 identifier les possibilit\u00e9s d&#8217;optimisation pour le d\u00e9veloppement du projet afin d&#8217;adapter les offres et les strat\u00e9gies en cons\u00e9quence.[\/vc_column_text][\/vc_column_inner][vc_column_inner width=&#8221;1\/3&#8243;][vc_column_text]<\/p>\n<p style=\"text-align: center;\"><em>Votre opinion est importante pour nous. N&#8217;h\u00e9sitez pas \u00e0 prendre contact avec nous :<br \/>\n<a href=\"mailto:info@hopp-la.ch\" target=\"_blank\" rel=\"noopener noreferrer\">info@hopp-la.ch<\/a><\/em><\/p>\n<p>[\/vc_column_text][\/vc_column_inner][\/vc_row_inner][vc_row_inner][vc_column_inner width=&#8221;2\/3&#8243;]<div id=\"ultimate-heading-940669f586c50719c\" class=\"uvc-heading ult-adjust-bottom-margin ultimate-heading-940669f586c50719c uvc-1645 \" data-hspacer=\"no_spacer\"  data-halign=\"left\" style=\"text-align:left\"><div class=\"uvc-heading-spacer no_spacer\" style=\"top\"><\/div><div class=\"uvc-main-heading ult-responsive\"  data-ultimate-target='.uvc-heading.ultimate-heading-940669f586c50719c h6'  data-responsive-json-new='{\"font-size\":\"desktop:20px;\",\"line-height\":\"desktop:30px;\"}' ><h6 style=\"font-weight:bold;color:#95c11f;\">\u00c9valuation du projet pilote Sch\u00fctzenmattpark<\/h6><\/div><\/div>[vc_column_text]L&#8217;objectif du projet pilote Sch\u00fctzenmattpark est d&#8217;\u00e9tablir les \u00eelots de jeu et d&#8217;activit\u00e9 physique ainsi que les programmes d&#8217;accompagnement au sein de la population du quartier et aupr\u00e8s des parties prenantes. Les \u00e9valuations r\u00e9alis\u00e9es avaient pour but de montrer l&#8217;utilit\u00e9 ainsi que les effets de ces offres. Pour ce faire, diverses mesures et m\u00e9thodes d&#8217;\u00e9valuation ont \u00e9t\u00e9 mises en place.<br \/>\nEn 2015 et 2016, des observations des \u00eelots de jeux et de mouvement ont \u00e9t\u00e9 r\u00e9alis\u00e9es afin de d\u00e9terminer le nombre d&#8217;utilisations ainsi que le mode d&#8217;utilisation. En outre, des questionnaires succincts ont \u00e9t\u00e9 remplis par les visiteurs du parc. En 2017, un nouveau questionnaire a \u00e9t\u00e9 \u00e9labor\u00e9 afin de recueillir la perception des utilisateurs de l&#8217;offre. Des interviews guid\u00e9es ont \u00e9t\u00e9 con\u00e7ues en compl\u00e9ment afin de recueillir des informations encore plus sp\u00e9cifiques sur la perception et l&#8217;acceptation. L&#8217;\u00e9valuation a pu \u00eatre achev\u00e9e en d\u00e9cembre 2018. Le rapport d&#8217;\u00e9valuation analyse et interpr\u00e8te les donn\u00e9es recueillies et contient de nombreuses informations pr\u00e9cieuses pour la poursuite et la multiplication des offres Hopp-la.<\/p>\n<p><a href=\"http:\/\/www.hopp-la.ch\/wp-content\/uploads\/2019\/02\/Evaluationsbericht_Hopp-la-Pilotprojekt-Begegnung-durch-Bewegung_Basel-Dez.-2018.pdf\">Le rapport d&#8217;\u00e9valuation peut \u00eatre t\u00e9l\u00e9charg\u00e9 ici<\/a>[\/vc_column_text][\/vc_column_inner][vc_column_inner width=&#8221;1\/3&#8243;][\/vc_column_inner][\/vc_row_inner][vc_row_inner][vc_column_inner width=&#8221;2\/3&#8243;]<div id=\"ultimate-heading-445669f586c5071cf\" class=\"uvc-heading ult-adjust-bottom-margin ultimate-heading-445669f586c5071cf uvc-5514 \" data-hspacer=\"no_spacer\"  data-halign=\"left\" style=\"text-align:left\"><div class=\"uvc-heading-spacer no_spacer\" style=\"top\"><\/div><div class=\"uvc-main-heading ult-responsive\"  data-ultimate-target='.uvc-heading.ultimate-heading-445669f586c5071cf h6'  data-responsive-json-new='{\"font-size\":\"desktop:20px;\",\"line-height\":\"desktop:30px;\"}' ><h6 style=\"font-weight:bold;color:#95c11f;\">\u00c9valuation Hopp-la Fit<\/h6><\/div><\/div>[vc_column_text]Hopp-la Fit est le premier projet interg\u00e9n\u00e9rationnel en Suisse bas\u00e9 sur l&#8217;activit\u00e9 physique et le mouvement. L&#8217;objectif du Hopp-la Fit peut \u00eatre divis\u00e9 d&#8217;une part en aspects scientifiques de l&#8217;entra\u00eenement et en aspects psychiques, d&#8217;autre part en aspects sociaux. Sur le plan de l&#8217;entra\u00eenement et sur le plan psychologique, l&#8217;objectif est d&#8217;am\u00e9liorer de mani\u00e8re ludique les capacit\u00e9s motrices des deux groupes cibles, en mettant l&#8217;accent sur l&#8217;\u00e9quilibre et la force. A long terme, une participation r\u00e9guli\u00e8re doit contribuer \u00e0 la pr\u00e9vention des chutes tout en favorisant la qualit\u00e9 de vie, les \u00e9motions positives, l&#8217;\u00e9change social et l&#8217;int\u00e9gration. L&#8217;objectif des aspects sociaux repose sur la satisfaction des besoins des enfants et des personnes \u00e2g\u00e9es. Les le\u00e7ons doivent \u00eatre con\u00e7ues de mani\u00e8re \u00e0 ce qu&#8217;il y ait le plus souvent possible une interaction entre jeunes et vieux. Cela doit conduire \u00e0 long terme \u00e0 moins de st\u00e9r\u00e9otypes li\u00e9s \u00e0 l&#8217;\u00e2ge, \u00e0 un respect et une tol\u00e9rance accrus entre les g\u00e9n\u00e9rations et \u00e0 des relations respectueuses entre elles.<\/p>\n<p>Le projet a un caract\u00e8re \u00e9volutif et, pour ce faire, une \u00e9valuation formative a \u00e9t\u00e9 mise en place depuis la mise en \u0153uvre du premier cours en 2015. Les observations des le\u00e7ons, les proc\u00e8s-verbaux ainsi que les enqu\u00eates aupr\u00e8s des participants ont servi \u00e0 optimiser et \u00e0 adapter la structure des le\u00e7ons ainsi qu&#8217;\u00e0 planifier le cours. En 2017, un projet pilote en collaboration avec Pro Senectute et la structure de jour Theodor a permis de r\u00e9aliser une enqu\u00eate en design pr\u00e9-post ainsi que des observations de le\u00e7ons dans un groupe existant. Les objectifs de l&#8217;\u00e9valuation ont \u00e9t\u00e9 pris en compte.<\/p>\n<p>En 2018, les participants r\u00e9guliers aux cours ont \u00e9t\u00e9 invit\u00e9s \u00e0 participer \u00e0 des interviews afin de d\u00e9terminer si une participation r\u00e9guli\u00e8re d\u00e9clenchait les effets escompt\u00e9s et si les objectifs pouvaient \u00eatre atteints. Vous trouverez les r\u00e9sultats sous la forme d&#8217;un travail de master dans notre <a href=\"https:\/\/www.hopp-la.ch\/fr\/recherche\/\">bibliographie<\/a>.[\/vc_column_text][\/vc_column_inner][vc_column_inner width=&#8221;1\/3&#8243;][\/vc_column_inner][\/vc_row_inner][vc_row_inner][vc_column_inner width=&#8221;2\/3&#8243;]<div id=\"ultimate-heading-641469f586c5071fb\" class=\"uvc-heading ult-adjust-bottom-margin ultimate-heading-641469f586c5071fb uvc-8953 \" data-hspacer=\"no_spacer\"  data-halign=\"left\" style=\"text-align:left\"><div class=\"uvc-heading-spacer no_spacer\" style=\"top\"><\/div><div class=\"uvc-main-heading ult-responsive\"  data-ultimate-target='.uvc-heading.ultimate-heading-641469f586c5071fb h6'  data-responsive-json-new='{\"font-size\":\"desktop:20px;\",\"line-height\":\"desktop:30px;\"}' ><h6 style=\"font-weight:bold;color:#95c11f;\">\u00c9valuation Hopp-la Tandem<\/h6><\/div><\/div>[vc_column_text]Les objectifs de Hopp-la Tandem sont similaires \u00e0 ceux de Hopp-la Fit, \u00e0 la diff\u00e9rence que ce cours se d\u00e9roule dans un cadre institutionnel. Les interactions interg\u00e9n\u00e9rationnelles dans le cadre institutionnel doivent avoir une influence positive sur les dimensions motrice, physique, psychique, \u00e9motionnelle et sociale. Ici aussi, les rencontres ax\u00e9es sur le mouvement sont au centre des pr\u00e9occupations.<\/p>\n<p>Afin d&#8217;\u00e9valuer le projet de mani\u00e8re formative, les mesures suivantes ont \u00e9t\u00e9 prises dans les trois premiers projets pilotes dans le cadre de travaux de bachelor et de master : Des observations, des s\u00e9ances de r\u00e9flexion, des comptes rendus de le\u00e7ons, le nombre de participants, des entretiens avec des experts ainsi que des enqu\u00eates sur les cours aupr\u00e8s des enfants et des seniors et un questionnaire pour les parents des enfants. L&#8217;objectif principal de ces enqu\u00eates \u00e9tait d&#8217;\u00e9valuer d&#8217;une part l&#8217;organisation, la structure et le contenu du cours, et d&#8217;autre part la perception de tous les participants (moniteurs Hopp-la, personnel p\u00e9dagogique, soignants, seniors, enfants) quant aux effets des rencontres interg\u00e9n\u00e9rationnelles, \u00e0 la sollicitation physique et aux changements de comportement.<\/p>\n<p>D&#8217;autres \u00e9valuations d&#8217;impact futures sont en cours de planification.[\/vc_column_text][\/vc_column_inner][vc_column_inner width=&#8221;1\/3&#8243;][\/vc_column_inner][\/vc_row_inner][\/vc_column][\/vc_row]<\/p>\n<\/div>","protected":false},"excerpt":{"rendered":"<p>[vc_row css=&#8221;.vc_custom_1521630412501{padding-top: 50px !important;padding-bottom: 25px !important;}&#8221;][vc_column][vc_row_inner][vc_column_inner width=&#8221;2\/3&#8243;][vc_column_text]Les modes d&#8217;action et les effets des projets d&#8217;activit\u00e9 physique interg\u00e9n\u00e9rationnelle sur le bien-\u00eatre psychique et physique n&#8217;ont pas encore \u00e9t\u00e9 \u00e9tudi\u00e9s. C&#8217;est pourquoi la fondation Hopp-la proc\u00e8de \u00e0 une \u00e9valuation de ses services depuis leur mise en place. Les \u00e9valuations formatives servent \u00e0 identifier les possibilit\u00e9s d&#8217;optimisation pour&hellip;<\/p>\n","protected":false},"author":1,"featured_media":0,"comment_status":"closed","ping_status":"open","sticky":false,"template":"","format":"standard","meta":{"_monsterinsights_skip_tracking":false,"_monsterinsights_sitenote_active":false,"_monsterinsights_sitenote_note":"","_monsterinsights_sitenote_category":0,"footnotes":""},"categories":[50],"tags":[],"class_list":["post-8134","post","type-post","status-publish","format-standard","hentry","category-non-classifiee","category-50","description-off"],"_links":{"self":[{"href":"https:\/\/www.hopp-la.ch\/fr\/wp-json\/wp\/v2\/posts\/8134","targetHints":{"allow":["GET"]}}],"collection":[{"href":"https:\/\/www.hopp-la.ch\/fr\/wp-json\/wp\/v2\/posts"}],"about":[{"href":"https:\/\/www.hopp-la.ch\/fr\/wp-json\/wp\/v2\/types\/post"}],"author":[{"embeddable":true,"href":"https:\/\/www.hopp-la.ch\/fr\/wp-json\/wp\/v2\/users\/1"}],"replies":[{"embeddable":true,"href":"https:\/\/www.hopp-la.ch\/fr\/wp-json\/wp\/v2\/comments?post=8134"}],"version-history":[{"count":1,"href":"https:\/\/www.hopp-la.ch\/fr\/wp-json\/wp\/v2\/posts\/8134\/revisions"}],"predecessor-version":[{"id":8137,"href":"https:\/\/www.hopp-la.ch\/fr\/wp-json\/wp\/v2\/posts\/8134\/revisions\/8137"}],"wp:attachment":[{"href":"https:\/\/www.hopp-la.ch\/fr\/wp-json\/wp\/v2\/media?parent=8134"}],"wp:term":[{"taxonomy":"category","embeddable":true,"href":"https:\/\/www.hopp-la.ch\/fr\/wp-json\/wp\/v2\/categories?post=8134"},{"taxonomy":"post_tag","embeddable":true,"href":"https:\/\/www.hopp-la.ch\/fr\/wp-json\/wp\/v2\/tags?post=8134"}],"curies":[{"name":"wp","href":"https:\/\/api.w.org\/{rel}","templated":true}]}}