{"id":8191,"date":"2019-11-11T20:43:12","date_gmt":"2019-11-11T20:43:12","guid":{"rendered":"https:\/\/www.hopp-la.ch\/schoren\/"},"modified":"2023-06-05T10:30:53","modified_gmt":"2023-06-05T10:30:53","slug":"schoren","status":"publish","type":"post","link":"https:\/\/www.hopp-la.ch\/fr\/schoren\/","title":{"rendered":"Schoren"},"content":{"rendered":"<div class=\"wpb-content-wrapper\"><p>[vc_row][vc_column][vc_column_text]<\/p>\n<table width=\"100%\">\n<tbody>\n<tr>\n<td width=\"25%\">Activit\u00e9<\/td>\n<td>Hopp-la Fit<\/td>\n<\/tr>\n<tr>\n<td>Lieu<\/td>\n<td>Gymnase, \u00e9cole primaire Schoren (Schorenweg 23, 4058 B\u00e2le)<\/td>\n<\/tr>\n<tr>\n<td>Jour\/heure<\/td>\n<td>Lundi 16h00 &#8211; 17h00 (sauf pendant les vacances scolaires)<\/td>\n<\/tr>\n<\/tbody>\n<\/table>\n<p><!--more--><\/p>\n<table style=\"height: 266px;\" width=\"1041\">\n<tbody>\n<tr>\n<td width=\"25%\">Groupe cible<\/td>\n<td>Seniors &#8211; avec ou sans (petits-)enfants<\/p>\n<p>Enfants \u00e0 partir de 4 ans<\/p>\n<p>Les parents sont \u00e9galement les bienvenus<\/td>\n<\/tr>\n<tr>\n<td>Co\u00fbts<\/td>\n<td>Gratuit<\/td>\n<\/tr>\n<tr>\n<td><\/td>\n<td><\/td>\n<\/tr>\n<tr>\n<td>Sp\u00e9cial<\/td>\n<td>D\u00e9but\/le\u00e7on d&#8217;essai possible \u00e0 tout moment, sans engagement et sans inscription.<\/td>\n<\/tr>\n<tr>\n<td>Informations<\/td>\n<td>Pro Senectute des deux B\u00e2le<a href=\"mailto:info@akzent-forum.ch\">(info@akzent-forum.ch\/<\/a> <a href=\"http:\/\/www.bb.pro-senectute.ch\">www.bb.pro-senectute.ch)<\/a><\/p>\n<p>Fondation Hopp-la<a href=\"http:\/\/www.hopp-la.ch\">(www.hopp-la.ch)<\/a><\/td>\n<\/tr>\n<\/tbody>\n<\/table>\n<p><img loading=\"lazy\" decoding=\"async\" class=\"alignnone size-medium wp-image-3071\" src=\"http:\/\/www.hopp-la.ch\/wp-content\/uploads\/2018\/03\/ProSenectute-beider-Basel_RGB-300x141.jpg\" alt=\"\" width=\"300\" height=\"141\" srcset=\"https:\/\/www.hopp-la.ch\/wp-content\/uploads\/2018\/03\/ProSenectute-beider-Basel_RGB-300x141.jpg 300w, https:\/\/www.hopp-la.ch\/wp-content\/uploads\/2018\/03\/ProSenectute-beider-Basel_RGB.jpg 413w\" sizes=\"auto, (max-width: 300px) 100vw, 300px\" \/>[\/vc_column_text][\/vc_column][\/vc_row]<\/p>\n<\/div>","protected":false},"excerpt":{"rendered":"<p>[vc_row][vc_column][vc_column_text] Activit\u00e9 Hopp-la Fit Lieu Gymnase, \u00e9cole primaire Schoren (Schorenweg 23, 4058 B\u00e2le) Jour\/heure Lundi 16h00 &#8211; 17h00 (sauf pendant les vacances scolaires)<\/p>\n","protected":false},"author":3,"featured_media":0,"comment_status":"closed","ping_status":"open","sticky":false,"template":"","format":"standard","meta":{"_monsterinsights_skip_tracking":false,"_monsterinsights_sitenote_active":false,"_monsterinsights_sitenote_note":"","_monsterinsights_sitenote_category":0,"footnotes":""},"categories":[76],"tags":[],"class_list":["post-8191","post","type-post","status-publish","format-standard","hentry","category-cours","category-76","description-off"],"_links":{"self":[{"href":"https:\/\/www.hopp-la.ch\/fr\/wp-json\/wp\/v2\/posts\/8191","targetHints":{"allow":["GET"]}}],"collection":[{"href":"https:\/\/www.hopp-la.ch\/fr\/wp-json\/wp\/v2\/posts"}],"about":[{"href":"https:\/\/www.hopp-la.ch\/fr\/wp-json\/wp\/v2\/types\/post"}],"author":[{"embeddable":true,"href":"https:\/\/www.hopp-la.ch\/fr\/wp-json\/wp\/v2\/users\/3"}],"replies":[{"embeddable":true,"href":"https:\/\/www.hopp-la.ch\/fr\/wp-json\/wp\/v2\/comments?post=8191"}],"version-history":[{"count":1,"href":"https:\/\/www.hopp-la.ch\/fr\/wp-json\/wp\/v2\/posts\/8191\/revisions"}],"predecessor-version":[{"id":8207,"href":"https:\/\/www.hopp-la.ch\/fr\/wp-json\/wp\/v2\/posts\/8191\/revisions\/8207"}],"wp:attachment":[{"href":"https:\/\/www.hopp-la.ch\/fr\/wp-json\/wp\/v2\/media?parent=8191"}],"wp:term":[{"taxonomy":"category","embeddable":true,"href":"https:\/\/www.hopp-la.ch\/fr\/wp-json\/wp\/v2\/categories?post=8191"},{"taxonomy":"post_tag","embeddable":true,"href":"https:\/\/www.hopp-la.ch\/fr\/wp-json\/wp\/v2\/tags?post=8191"}],"curies":[{"name":"wp","href":"https:\/\/api.w.org\/{rel}","templated":true}]}}